{"id":7187,"date":"2026-01-11T17:02:06","date_gmt":"2026-01-11T16:02:06","guid":{"rendered":"https:\/\/avb-schule.de\/cms\/?p=7187"},"modified":"2026-01-11T17:41:49","modified_gmt":"2026-01-11T16:41:49","slug":"distanzunterricht-12-01-2026","status":"publish","type":"post","link":"https:\/\/avb-schule.de\/cms\/2026\/01\/11\/distanzunterricht-12-01-2026\/","title":{"rendered":"Distanzunterricht 12.01.2026"},"content":{"rendered":"<p>Liebe Eltern,<\/p>\n<p>hiermit m\u00f6chten wir Sie dar\u00fcber informieren, dass das Ministerium f\u00fcr Schule und Bildung aufgrund einer landesweit verbreiteten Gefahr von Glatteis mit erheblichen Beeintr\u00e4chtigungen auf allen Verkehrswegen entschieden hat, den Pr\u00e4senzunterricht am Montag, den 12. Januar 2026, landesweit auszusetzen.<\/p>\n<p>Diese Entscheidung dient dem Schutz aller am Schulleben Beteiligten und soll insbesondere die Sicherheit auf den Schulwegen gew\u00e4hrleisten.<\/p>\n<p>Am genannten Tag findet daher kein Pr\u00e4senzunterricht an unserer Schule statt.<\/p>\n<p><strong>Die Schule bleibt somit geschlossen. Bitte beachten Sie, dass an diesem Tag keine Notbetreuung angeboten wird.<\/strong><\/p>\n<p>Der Unterricht wird stattdessen als Distanzunterricht durchgef\u00fchrt. Die Klassenlehrerinnen werden \u00fcber Logineo Aufgaben zur Bearbeitung in der Selbstlernzeit zur Verf\u00fcgung stellen.<\/p>\n<p>Bitte stellen Sie sicher, dass Ihr Kind die Aufgaben erh\u00e4lt und bearbeitet.<\/p>\n<p>Wir danken Ihnen allen f\u00fcr Ihr Verst\u00e4ndnis, Ihre Flexibilit\u00e4t und Ihre Unterst\u00fctzung in dieser besonderen Situation. Bitte verfolgen Sie weiterhin aufmerksam die aktuellen Wetter- und Verkehrsmeldungen.<\/p>\n<p><strong>Achten Sie bitte darauf, dass Ihr Kind nicht eigenst\u00e4ndig zur Schule kommt, um Risiken durch Glatteis zu vermeiden.<\/strong><\/p>\n<p>Wir w\u00fcnsche Ihnen und Ihren Familien einen sicheren Tag.<\/p>\n<p>Liebe Gr\u00fc\u00dfe<\/p>\n<p><span>Mirjam Greif &amp; Anke Steinfartz<\/span><\/p>\n","protected":false},"excerpt":{"rendered":"<p>Liebe Eltern, hiermit m\u00f6chten wir Sie dar\u00fcber informieren, dass das Ministerium f\u00fcr Schule und Bildung aufgrund einer landesweit verbreiteten Gefahr von Glatteis mit erheblichen Beeintr\u00e4chtigungen auf allen Verkehrswegen entschieden hat, den Pr\u00e4senzunterricht am Montag, den 12. Januar 2026, landesweit auszusetzen. Diese Entscheidung dient dem Schutz aller am Schulleben Beteiligten und [&hellip;]<\/p>\n","protected":false},"author":1,"featured_media":0,"comment_status":"closed","ping_status":"closed","sticky":false,"template":"","format":"standard","meta":{"jetpack_post_was_ever_published":false,"_jetpack_newsletter_access":"","_jetpack_dont_email_post_to_subs":false,"_jetpack_newsletter_tier_id":0,"_jetpack_memberships_contains_paywalled_content":false,"_jetpack_memberships_contains_paid_content":false,"footnotes":""},"categories":[1],"tags":[],"class_list":["post-7187","post","type-post","status-publish","format-standard","hentry","category-allgemein"],"jetpack_featured_media_url":"","jetpack_shortlink":"https:\/\/wp.me\/p4yvYV-1RV","jetpack-related-posts":[{"id":7080,"url":"https:\/\/avb-schule.de\/cms\/2025\/09\/08\/schulbewerbung-2026-2027\/","url_meta":{"origin":7187,"position":0},"title":"Schulbewerbung 2026\/2027","author":"admin","date":"8. September 2025","format":false,"excerpt":"Liebe Eltern der Schulneulinge 2026\/2027, herzlichen Dank f\u00fcr Ihr Interesse und Ihr Vertrauen, Ihr Kind bei uns an der katholischen Agnes van Brakel- Schule anmelden zu wollen. Wir w\u00fcrden uns freuen, Sie in der Zukunft bei uns begr\u00fc\u00dfen zu d\u00fcrfen. Die Stadt Viersen hat am 27.08.2025 an Sie ein Schreiben\u2026","rel":"","context":"In &quot;Allgemein&quot;","block_context":{"text":"Allgemein","link":"https:\/\/avb-schule.de\/cms\/category\/allgemein\/"},"img":{"alt_text":"","src":"","width":0,"height":0},"classes":[]},{"id":6948,"url":"https:\/\/avb-schule.de\/cms\/2025\/04\/01\/atemlos-es-ist-vollbracht-der-zirkus-war-an-der-avb\/","url_meta":{"origin":7187,"position":1},"title":"Atemlos \u2013 es ist vollbracht! Der Zirkus war an der AvB","author":"admin","date":"1. April 2025","format":false,"excerpt":"Im M\u00e4rz herrschte an der Agnes-van-Brakel Schule (AvB) in Viersen-Helenabrunn ein etwas anderer Alltag. Die Grundsch\u00fcler der Schule bereiteten sich im Zuge einer Projektwoche auf zwei Zirkusvorstellungen vor. Dank gro\u00dfartiger Unterst\u00fctzung des F\u00f6rdervereins und vieler Sponsoren und Spenden (u.a. durch einen Sponsorenlauf der Sch\u00fclerinnen und Sch\u00fcler) konnte das einw\u00f6chige Projekt\u2026","rel":"","context":"In &quot;Allgemein&quot;","block_context":{"text":"Allgemein","link":"https:\/\/avb-schule.de\/cms\/category\/allgemein\/"},"img":{"alt_text":"","src":"","width":0,"height":0},"classes":[]},{"id":7109,"url":"https:\/\/avb-schule.de\/cms\/2025\/10\/02\/geburtstagsjubilaeum-zu-ehren-agnes-van-brakel\/","url_meta":{"origin":7187,"position":2},"title":"Geburtstagsjubil\u00e4um zu Ehren Agnes van Brakel","author":"admin","date":"2. Oktober 2025","format":false,"excerpt":"Geburtstagsjubil\u00e4um zu Ehren Agnes van Brakel - Ein Vorbild f\u00fcr uns alle Unser AvB-Fest vergangenen Freitag wurde ein voller Erfolg - Dank einer prima Zusammenarbeit von allen! Bei Sonnenschein und mit einem gemeinsamen Gottesdienst starteten wir in den ersehnten Festtag, an dem wir das 150. Geburtstagsjubil\u00e4um von Agnes van Brakel,\u2026","rel":"","context":"In &quot;Allgemein&quot;","block_context":{"text":"Allgemein","link":"https:\/\/avb-schule.de\/cms\/category\/allgemein\/"},"img":{"alt_text":"","src":"","width":0,"height":0},"classes":[]},{"id":6699,"url":"https:\/\/avb-schule.de\/cms\/2024\/03\/04\/biss-bildung-durch-sprache-und-schrift\/","url_meta":{"origin":7187,"position":3},"title":"BiSS &#8211; Bildung durch Sprache und Schrift","author":"admin","date":"4. M\u00e4rz 2024","format":false,"excerpt":"Seit dem Schuljahr 2023\/24 beteiligen wir uns an diesem bundesweiten Projekt und sind als Transferschule Teil der BiSS Akademie NRW im Schultransfernetzwerk: \u201eAlle Kinder lernen lesen! F\u00f6rderung von Lesekompetenz durch Tandemlesen und Strategietraining\u201c. In der ersten Projektphase (bis 2019) ging es um die Entwicklung, Erprobung, Evaluation und Implementation von Ma\u00dfnahmen\u2026","rel":"","context":"In &quot;Allgemein&quot;","block_context":{"text":"Allgemein","link":"https:\/\/avb-schule.de\/cms\/category\/allgemein\/"},"img":{"alt_text":"","src":"https:\/\/i0.wp.com\/avb-schule.de\/cms\/wp-content\/uploads\/2024\/03\/tandem.png?resize=350%2C200&ssl=1","width":350,"height":200},"classes":[]},{"id":6278,"url":"https:\/\/avb-schule.de\/cms\/2022\/09\/19\/herkunftssprachlicher-unterricht\/","url_meta":{"origin":7187,"position":4},"title":"Herkunftssprachlicher Unterricht","author":"admin","date":"19. September 2022","format":false,"excerpt":"Hier k\u00f6nnen Sie sich \u00fcber herkunftssprachlichen Unterricht (HSU) informieren. Klicken Sie dazu einfach hier. Unter diesem Link finden Sie auch Informationen, in welchen Sprachen HSU angeboten wird und wie Sie Ihr Kind anmelden k\u00f6nnen.","rel":"","context":"In &quot;Allgemein&quot;","block_context":{"text":"Allgemein","link":"https:\/\/avb-schule.de\/cms\/category\/allgemein\/"},"img":{"alt_text":"","src":"","width":0,"height":0},"classes":[]},{"id":7020,"url":"https:\/\/avb-schule.de\/cms\/2025\/03\/05\/kulturstrolche\/","url_meta":{"origin":7187,"position":5},"title":"Kulturstrolche","author":"admin","date":"5. M\u00e4rz 2025","format":false,"excerpt":"Besuch der Autorenlesung von Martin Baltscheit Eine Klasse der AvB nimmt an dem Projekt \"Kulturstrolche\" des Kultursekretariat NRW's teil. Unsere Kulturstrolche haben eine Lesung des bekannten Kinderbuchautors Martin Baltscheit in der Festhalle Viersen besucht. Die Kinder waren schon sehr gespannt und voller Vorfreude, als der Autor zu Beginn mit einem\u2026","rel":"","context":"In &quot;Allgemein&quot;","block_context":{"text":"Allgemein","link":"https:\/\/avb-schule.de\/cms\/category\/allgemein\/"},"img":{"alt_text":"","src":"https:\/\/i0.wp.com\/avb-schule.de\/cms\/wp-content\/uploads\/2025\/05\/Unbenannt-300x169.jpg?resize=350%2C200&ssl=1","width":350,"height":200},"classes":[]}],"jetpack_sharing_enabled":true,"_links":{"self":[{"href":"https:\/\/avb-schule.de\/cms\/wp-json\/wp\/v2\/posts\/7187","targetHints":{"allow":["GET"]}}],"collection":[{"href":"https:\/\/avb-schule.de\/cms\/wp-json\/wp\/v2\/posts"}],"about":[{"href":"https:\/\/avb-schule.de\/cms\/wp-json\/wp\/v2\/types\/post"}],"author":[{"embeddable":true,"href":"https:\/\/avb-schule.de\/cms\/wp-json\/wp\/v2\/users\/1"}],"replies":[{"embeddable":true,"href":"https:\/\/avb-schule.de\/cms\/wp-json\/wp\/v2\/comments?post=7187"}],"version-history":[{"count":2,"href":"https:\/\/avb-schule.de\/cms\/wp-json\/wp\/v2\/posts\/7187\/revisions"}],"predecessor-version":[{"id":7189,"href":"https:\/\/avb-schule.de\/cms\/wp-json\/wp\/v2\/posts\/7187\/revisions\/7189"}],"wp:attachment":[{"href":"https:\/\/avb-schule.de\/cms\/wp-json\/wp\/v2\/media?parent=7187"}],"wp:term":[{"taxonomy":"category","embeddable":true,"href":"https:\/\/avb-schule.de\/cms\/wp-json\/wp\/v2\/categories?post=7187"},{"taxonomy":"post_tag","embeddable":true,"href":"https:\/\/avb-schule.de\/cms\/wp-json\/wp\/v2\/tags?post=7187"}],"curies":[{"name":"wp","href":"https:\/\/api.w.org\/{rel}","templated":true}]}}